{"id":48,"date":"2026-09-01T16:27:17","date_gmt":"2026-09-01T16:27:17","guid":{"rendered":"https:\/\/tippek.reeccipes.com\/?p=48"},"modified":"2026-09-01T16:27:17","modified_gmt":"2026-09-01T16:27:17","slug":"12-ocsmany-dolog-amit-idos-korban-teszel-es-amit-mindenki-eszrevesz-de-senki-sem-meri-elmondani-neked","status":"publish","type":"post","link":"https:\/\/tippek.reeccipes.com\/?p=48","title":{"rendered":"12 ocsm\u00e1ny dolog, amit id\u0151s korban teszel, \u00e9s amit mindenki \u00e9szrevesz, de senki sem meri elmondani neked"},"content":{"rendered":"<div class=\"justread-ad justread-ad--ad-after-image\"><center><\/p>\n<div id=\"div-gpt-ad-1773959242812-0\" data-google-query-id=\"CNi3stLkzZYDFbDQVgMdCKk0ng\">\n<div id=\"google_ads_iframe_\/23343718740\/a1_0__container__\"><iframe loading=\"lazy\" id=\"google_ads_iframe_\/23343718740\/a1_0\" tabindex=\"0\" title=\"Harmadik f\u00e9lt\u0151l sz\u00e1rmaz\u00f3 hirdet\u00e9si tartalom\" src=\"https:\/\/a5b8be91fb993876b2bee644e9960c14.safeframe.googlesyndication.com\/safeframe\/1-0-45\/html\/container.html\" name=\"\" width=\"300\" height=\"600\" frameborder=\"0\" marginwidth=\"0\" marginheight=\"0\" scrolling=\"no\" sandbox=\"allow-forms allow-popups allow-popups-to-escape-sandbox allow-same-origin allow-scripts allow-top-navigation-by-user-activation\" data-is-safeframe=\"true\" aria-label=\"Hirdet\u00e9s\" data-google-container-id=\"3\" data-load-complete=\"true\" data-mce-fragment=\"1\"><\/iframe><\/div>\n<\/div>\n<p><\/center><\/div>\n<div class=\"entry-content\">\n<h1><span dir=\"auto\">12 ocsm\u00e1ny dolog, amit id\u0151s korban csin\u00e1lsz, \u00e9s amit mindenki \u00e9szrevesz, de senki sem meri elmondani neked<\/span><\/h1>\n<p><span dir=\"auto\">A technol\u00f3gi\u00e1val, a t\u00e1rsadalmi v\u00e1ltoz\u00e1sokkal vagy az \u00faj \u00f6tletekkel szembeni elutas\u00edt\u00f3 hozz\u00e1\u00e1ll\u00e1s gyakran rugalmatlannak t\u0171nik. Az olyan kijelent\u00e9sek, mint az \u201eez soha nem t\u00f6rt\u00e9nt meg kor\u00e1bban\u201d vagy az \u201eakkoriban minden jobb volt\u201d, elz\u00e1rhatj\u00e1k a besz\u00e9lget\u00e9st \u00e9s felkelthetik a k\u00edv\u00e1ncsis\u00e1got.<\/span><\/p>\n<h2><span dir=\"auto\">3. Besz\u00e9lget\u00e9sek megszak\u00edt\u00e1sa<\/span><\/h2>\n<p><span dir=\"auto\">Hasznos lehet, ha m\u00e1sokt\u00f3l elz\u00e1rjuk a besz\u00e9lget\u00e9st, hogy megosszuk a szem\u00e9lyes tapasztalatainkat vagy v\u00e9lem\u00e9ny\u00fcnket, de gyakran azt az \u00e9rz\u00e9st kelti, hogy az emberek nem hallj\u00e1k \u0151ket. M\u00e9g a j\u00f3 sz\u00e1nd\u00e9k\u00fa megszak\u00edt\u00e1sok is gyeng\u00edthetik a kommunik\u00e1ci\u00f3t \u00e9s a k\u00f6lcs\u00f6n\u00f6s tiszteletet.<\/span><\/p>\n<h2><span dir=\"auto\">4. K\u00e9retlen tan\u00e1csad\u00e1s<\/span><\/h2>\n<p><span dir=\"auto\">A sz\u00fcl\u0151i, p\u00e1rkapcsolati, p\u00e9nz\u00fcgyekkel vagy \u00e9letvezet\u00e9si d\u00f6nt\u00e9sekkel kapcsolatos tan\u00e1csad\u00e1s k\u00e9r\u00e9s n\u00e9lk\u00fcl tolakod\u00f3nak t\u0171nhet. A tapasztalat nem felt\u00e9tlen\u00fcl jelenti azt, hogy sz\u00edvesen l\u00e1tunk tan\u00e1csot \u2013 az id\u0151z\u00edt\u00e9s \u00e9s a beleegyez\u00e9s sz\u00e1m\u00edt.<\/span><\/p>\n<h2><span dir=\"auto\">5. T\u00fal sokat \u00e9lni a m\u00faltban<\/span><\/h2>\n<p><strong><span dir=\"auto\">De amikor az eml\u00e9kek elkezdik be\u00e1rny\u00e9kolni a jelent, a kapcsolatokra gyakorolt \u200b\u200bhat\u00e1suk k\u00f6nnyen figyelmen k\u00edv\u00fcl hagyhat\u00f3.<\/span><\/strong><\/p>\n<div class=\"justread-ad justread-ad--ad-before-nav\"><center><\/p>\n<div id=\"div-gpt-ad-1773959298974-0\" data-google-query-id=\"CMqZmdLkzZYDFd4y8QUdowMd3A\">\n<div id=\"google_ads_iframe_\/23343718740\/a2_0__container__\"><!--nextpage--><span dir=\"auto\">\u00f6sszehasonl\u00edt\u00e1sa a \u201er\u00e9gi id\u0151kkel\u201d kimer\u00edtheti a besz\u00e9lget\u00e9seket. Ha csak a m\u00faltra koncentr\u00e1lunk, a jelen pillanatai l\u00e1thatatlannak vagy jelent\u00e9ktelennek t\u0171nhetnek.<\/span><\/p>\n<h2><span dir=\"auto\">6. \u00c1lland\u00f3 negativit\u00e1s<\/span><\/h2>\n<p><span dir=\"auto\">A mindig legrosszabbra sz\u00e1m\u00edtani, a probl\u00e9m\u00e1kra r\u00e1vil\u00e1g\u00edtani vagy a pozit\u00edv pillanatokat figyelmen k\u00edv\u00fcl hagyni neh\u00e9z \u00e9rzelmi l\u00e9gk\u00f6rt teremt. Id\u0151vel az emberek elt\u00e1volodhatnak egym\u00e1st\u00f3l, hogy megv\u00e9dj\u00e9k saj\u00e1t energi\u00e1jukat.<\/span><\/p>\n<h2><span dir=\"auto\">7. Nem igaz\u00e1n figyelsz<\/span><\/h2>\n<p><span dir=\"auto\">A sz\u00e9tsz\u00f3rts\u00e1g l\u00e1tszata, az automatikus b\u00f3logat\u00e1s vagy a t\u00e9ma gyors megv\u00e1ltoztat\u00e1sa \u00e9rdektelens\u00e9get jelez. M\u00e9g szavak n\u00e9lk\u00fcl is elutas\u00edt\u00f3nak \u00e9s elkeser\u00edt\u0151nek t\u0171nhet m\u00e1sok sz\u00e1m\u00e1ra.<\/span><\/p>\n<h2><span dir=\"auto\">8. A fiatalabb gener\u00e1ci\u00f3k kritiz\u00e1l\u00e1sa<\/span><\/h2>\n<p><span dir=\"auto\">A fiatalabbak lust\u00e1nak, felel\u0151tlennek vagy felsz\u00ednesnek titul\u00e1l\u00e1sa sz\u00fcks\u00e9gtelen megosztotts\u00e1got teremt. Minden gener\u00e1ci\u00f3 m\u00e1s nyom\u00e1ssal n\u00e9z szembe, \u00e9s a meg\u00e9rt\u00e9s n\u00e9lk\u00fcli \u00edt\u00e9lkez\u00e9s \u00e9rzelmi szakad\u00e9kokat m\u00e9ly\u00edt.<\/span><\/p>\n<h2><span dir=\"auto\">9. Az \u00f6ngondoskod\u00e1s elhanyagol\u00e1sa<\/span><\/h2>\n<p><span dir=\"auto\">A szem\u00e9lyes higi\u00e9nia, az eg\u00e9szs\u00e9g\u00fcgyi rutinok vagy az alapvet\u0151 \u00e1polts\u00e1g elhagy\u00e1s\u00e1t gyakran azzal mentegetik, hogy \u201eaz \u00e9letkorral egy\u00fctt j\u00e1r ez norm\u00e1lis\u201d, de ez befoly\u00e1solja, hogy m\u00e1sok hogyan \u00e9rz\u00e9kelik az elk\u00f6telezetts\u00e9get \u00e9s az \u00f6nbecs\u00fcl\u00e9st. Az \u00f6nmagunkkal val\u00f3 t\u00f6r\u0151d\u00e9s nem hi\u00fas\u00e1g \u2013 hanem figyelmess\u00e9g.<\/span><\/p>\n<h2><span dir=\"auto\">10. A kor felhaszn\u00e1l\u00e1sa a rossz viselked\u00e9s ments\u00e9g\u00e9re<\/span><\/h2>\n<p><span dir=\"auto\">A durvas\u00e1g, az ingerl\u00e9kenys\u00e9g vagy a durva v\u00e1laszok id\u0151vel nem v\u00e1lnak elfogadhat\u00f3v\u00e1. A kedvess\u00e9g, a t\u00fcrelem \u00e9s az udvariass\u00e1g nem olyan tulajdons\u00e1gok, amelyek elm\u00falnak.<\/span><\/p>\n<h2><span dir=\"auto\">11. Ugyanazon t\u00f6rt\u00e9netek ism\u00e9tl\u00e9se<\/span><\/h2>\n<p><strong><span dir=\"auto\">\u00c9s az egyik leggyakoribb szok\u00e1s gyakrabban fordul el\u0151, mint gondoln\u00e1d.<\/span><\/strong><\/p>\n<div class=\"justread-ad justread-ad--ad-before-nav\"><center><\/p>\n<div id=\"div-gpt-ad-1773959298974-0\" data-google-query-id=\"CLmZj5fmzZYDFWbQDQkdkhIFVg\">\n<div id=\"google_ads_iframe_\/23343718740\/a2_0__container__\"><\/div>\n<\/div>\n<p><\/center><\/div>\n<nav class=\"post-page-nav\" aria-label=\"Oldalnavig\u00e1ci\u00f3\"><\/nav>\n<\/div>\n<\/div>\n<p><\/center><\/div>\n<nav class=\"post-page-nav\" aria-label=\"Oldalnavig\u00e1ci\u00f3\"><\/nav>\n<\/div>\n","protected":false},"excerpt":{"rendered":"<p>12 ocsm\u00e1ny dolog, amit id\u0151s korban csin\u00e1lsz, \u00e9s amit mindenki \u00e9szrevesz, de senki sem meri elmondani neked A technol\u00f3gi\u00e1val, a&hellip;<\/p>\n","protected":false},"author":2,"featured_media":49,"comment_status":"closed","ping_status":"closed","sticky":false,"template":"","format":"standard","meta":{"footnotes":""},"categories":[1],"tags":[],"class_list":["post-48","post","type-post","status-publish","format-standard","has-post-thumbnail","hentry","category-uncategorized"],"_links":{"self":[{"href":"https:\/\/tippek.reeccipes.com\/index.php?rest_route=\/wp\/v2\/posts\/48","targetHints":{"allow":["GET"]}}],"collection":[{"href":"https:\/\/tippek.reeccipes.com\/index.php?rest_route=\/wp\/v2\/posts"}],"about":[{"href":"https:\/\/tippek.reeccipes.com\/index.php?rest_route=\/wp\/v2\/types\/post"}],"author":[{"embeddable":true,"href":"https:\/\/tippek.reeccipes.com\/index.php?rest_route=\/wp\/v2\/users\/2"}],"replies":[{"embeddable":true,"href":"https:\/\/tippek.reeccipes.com\/index.php?rest_route=%2Fwp%2Fv2%2Fcomments&post=48"}],"version-history":[{"count":1,"href":"https:\/\/tippek.reeccipes.com\/index.php?rest_route=\/wp\/v2\/posts\/48\/revisions"}],"predecessor-version":[{"id":50,"href":"https:\/\/tippek.reeccipes.com\/index.php?rest_route=\/wp\/v2\/posts\/48\/revisions\/50"}],"wp:featuredmedia":[{"embeddable":true,"href":"https:\/\/tippek.reeccipes.com\/index.php?rest_route=\/wp\/v2\/media\/49"}],"wp:attachment":[{"href":"https:\/\/tippek.reeccipes.com\/index.php?rest_route=%2Fwp%2Fv2%2Fmedia&parent=48"}],"wp:term":[{"taxonomy":"category","embeddable":true,"href":"https:\/\/tippek.reeccipes.com\/index.php?rest_route=%2Fwp%2Fv2%2Fcategories&post=48"},{"taxonomy":"post_tag","embeddable":true,"href":"https:\/\/tippek.reeccipes.com\/index.php?rest_route=%2Fwp%2Fv2%2Ftags&post=48"}],"curies":[{"name":"wp","href":"https:\/\/api.w.org\/{rel}","templated":true}]}}